{"id":26128,"date":"2025-08-06T14:20:44","date_gmt":"2025-08-06T20:20:44","guid":{"rendered":"https:\/\/www.artefacial.com\/?p=26128"},"modified":"2025-12-05T15:34:55","modified_gmt":"2025-12-05T21:34:55","slug":"striving-for-the-best-outcome-in-lower-eyelid-retraction-surgery","status":"publish","type":"post","link":"https:\/\/www.artefacial.com\/en\/surgery\/striving-for-the-best-outcome-in-lower-eyelid-retraction-surgery\/","title":{"rendered":"Striving for the best outcome in lower eyelid retraction surgery"},"content":{"rendered":"\t\t<div data-elementor-type=\"wp-post\" data-elementor-id=\"26128\" class=\"elementor elementor-26128 elementor-26117\" data-elementor-post-type=\"post\">\n\t\t\t\t\t\t<section class=\"elementor-section elementor-top-section elementor-element elementor-element-431a50eb elementor-section-boxed elementor-section-height-default elementor-section-height-default\" data-id=\"431a50eb\" data-element_type=\"section\" data-e-type=\"section\">\n\t\t\t\t\t\t<div class=\"elementor-container elementor-column-gap-default\">\n\t\t\t\t\t<div class=\"elementor-column elementor-col-100 elementor-top-column elementor-element elementor-element-6dd6dceb\" data-id=\"6dd6dceb\" data-element_type=\"column\" data-e-type=\"column\">\n\t\t\t<div class=\"elementor-widget-wrap elementor-element-populated\">\n\t\t\t\t\t\t<div class=\"elementor-element elementor-element-2c998a4a elementor-widget elementor-widget-text-editor\" data-id=\"2c998a4a\" data-element_type=\"widget\" data-e-type=\"widget\" data-widget_type=\"text-editor.default\">\n\t\t\t\t<div class=\"elementor-widget-container\">\n\t\t\t\t\t\t\t\t\t<p>Eyelid retraction after\u00a0<em>lower\u00a0<a href=\"https:\/\/www.artefacial.com\/en\/info\/lower-eyelid-blepharoplasty\/\">blepharoplasty<\/a><\/em>\u00a0\u2013 a surgery to treat bags and wrinkles under the eyes &#8211; is the most feared complication of this operation. From a functional point of view, eyelid malposition puts the ocular surface at risk, causing bothersome dry eye symptoms in some patients and potentially serious corneal exposure in severe cases of retraction. Additionally, the undesirable cosmetic appearance can have a negative psychological impact which can lead to significant emotional distress.\u00a0<\/p><p>Certain precautions can be taken to minimize or reduce the risk, such as conservative skin removal, addressing eyelid laxity during <a href=\"https:\/\/www.artefacial.com\/en\/info\/lower-eyelid-blepharoplasty\/\">blepharoplasty<\/a>, and avoiding muscle resection. Nevertheless, it is not uncommon to meet patients affected by this complication after their lower eyelid cosmetic surgery.\u00a0<\/p>\t\t\t\t\t\t\t\t<\/div>\n\t\t\t\t<\/div>\n\t\t\t\t\t<\/div>\n\t\t<\/div>\n\t\t\t\t\t<\/div>\n\t\t<\/section>\n\t\t\t\t<section class=\"elementor-section elementor-top-section elementor-element elementor-element-047d396 elementor-section-boxed elementor-section-height-default elementor-section-height-default\" data-id=\"047d396\" data-element_type=\"section\" data-e-type=\"section\">\n\t\t\t\t\t\t<div class=\"elementor-container elementor-column-gap-default\">\n\t\t\t\t\t<div class=\"elementor-column elementor-col-25 elementor-top-column elementor-element elementor-element-718a7e7\" data-id=\"718a7e7\" data-element_type=\"column\" data-e-type=\"column\">\n\t\t\t<div class=\"elementor-widget-wrap\">\n\t\t\t\t\t\t\t<\/div>\n\t\t<\/div>\n\t\t\t\t<div class=\"elementor-column elementor-col-50 elementor-top-column elementor-element elementor-element-6eb1187\" data-id=\"6eb1187\" data-element_type=\"column\" data-e-type=\"column\">\n\t\t\t<div class=\"elementor-widget-wrap elementor-element-populated\">\n\t\t\t\t\t\t<div class=\"elementor-element elementor-element-8b760ca elementor-widget elementor-widget-image\" data-id=\"8b760ca\" data-element_type=\"widget\" data-e-type=\"widget\" data-widget_type=\"image.default\">\n\t\t\t\t<div class=\"elementor-widget-container\">\n\t\t\t\t\t\t\t\t\t\t\t\t<figure class=\"wp-caption\">\n\t\t\t\t\t\t\t\t\t\t\t<a href=\"https:\/\/www.artefacial.com\/wp-content\/uploads\/2025\/08\/Retraccion-_antes_-.webp\" data-elementor-open-lightbox=\"yes\" data-elementor-lightbox-title=\"Eyelid retraction after lower blepharoplasty\" data-e-action-hash=\"#elementor-action%3Aaction%3Dlightbox%26settings%3DeyJpZCI6MjYxMjAsInVybCI6Imh0dHBzOlwvXC93d3cuYXJ0ZWZhY2lhbC5jb21cL3dwLWNvbnRlbnRcL3VwbG9hZHNcLzIwMjVcLzA4XC9SZXRyYWNjaW9uLV9hbnRlc18tLndlYnAifQ%3D%3D\">\n\t\t\t\t\t\t\t<img fetchpriority=\"high\" decoding=\"async\" width=\"700\" height=\"700\" src=\"https:\/\/www.artefacial.com\/wp-content\/uploads\/2025\/08\/Retraccion-_antes_--700x700.webp\" class=\"attachment-tp-image-grid size-tp-image-grid wp-image-26120\" alt=\"Retracci\u00f3n del p\u00e1rpado despu\u00e9s de una blefaroplastia inferior\" srcset=\"https:\/\/www.artefacial.com\/wp-content\/uploads\/2025\/08\/Retraccion-_antes_--700x700.webp 700w, https:\/\/www.artefacial.com\/wp-content\/uploads\/2025\/08\/Retraccion-_antes_--150x150.webp 150w\" sizes=\"(max-width: 700px) 100vw, 700px\" \/>\t\t\t\t\t\t\t\t<\/a>\n\t\t\t\t\t\t\t\t\t\t\t<figcaption class=\"widget-image-caption wp-caption-text\">Eyelid retraction after lower blepharoplasty <\/figcaption>\n\t\t\t\t\t\t\t\t\t\t<\/figure>\n\t\t\t\t\t\t\t\t\t<\/div>\n\t\t\t\t<\/div>\n\t\t\t\t\t<\/div>\n\t\t<\/div>\n\t\t\t\t<div class=\"elementor-column elementor-col-25 elementor-top-column elementor-element elementor-element-8e5b65c\" data-id=\"8e5b65c\" data-element_type=\"column\" data-e-type=\"column\">\n\t\t\t<div class=\"elementor-widget-wrap\">\n\t\t\t\t\t\t\t<\/div>\n\t\t<\/div>\n\t\t\t\t\t<\/div>\n\t\t<\/section>\n\t\t\t\t<section class=\"elementor-section elementor-top-section elementor-element elementor-element-2cc3375 elementor-section-boxed elementor-section-height-default elementor-section-height-default\" data-id=\"2cc3375\" data-element_type=\"section\" data-e-type=\"section\">\n\t\t\t\t\t\t<div class=\"elementor-container elementor-column-gap-default\">\n\t\t\t\t\t<div class=\"elementor-column elementor-col-100 elementor-top-column elementor-element elementor-element-209d7ad\" data-id=\"209d7ad\" data-element_type=\"column\" data-e-type=\"column\">\n\t\t\t<div class=\"elementor-widget-wrap elementor-element-populated\">\n\t\t\t\t\t\t<div class=\"elementor-element elementor-element-9ceea3e elementor-widget elementor-widget-text-editor\" data-id=\"9ceea3e\" data-element_type=\"widget\" data-e-type=\"widget\" data-widget_type=\"text-editor.default\">\n\t\t\t\t<div class=\"elementor-widget-container\">\n\t\t\t\t\t\t\t\t\t<p>Thankfully, <a title=\"\" class=\"aalmanual\" target=\"_self\"   href=\"\/en\/doctor-gomez\/\">oculoplastic surgeons<\/a> are well-versed in managing this complication. In my practice, I regularly assist patients in restoring their normal eyelid position and improving their self-esteem, while also mitigating the impact of eyelid retraction on the ocular surface. Over the years, I have successfully employed the\u00a0<strong>&#8216;4-point fixation&#8217;<\/strong>\u00a0approach, a technique that consistently delivers excellent results in repairing lower eyelid retraction by restoring eyelid shape and position and improving corneal protection and dry eye symptoms. The benefits of this approach are clear, and I encourage its adoption for better patient outcomes.\u00a0<\/p>\t\t\t\t\t\t\t\t<\/div>\n\t\t\t\t<\/div>\n\t\t\t\t\t<\/div>\n\t\t<\/div>\n\t\t\t\t\t<\/div>\n\t\t<\/section>\n\t\t\t\t<section class=\"elementor-section elementor-top-section elementor-element elementor-element-9ba3096 elementor-section-boxed elementor-section-height-default elementor-section-height-default\" data-id=\"9ba3096\" data-element_type=\"section\" data-e-type=\"section\">\n\t\t\t\t\t\t<div class=\"elementor-container elementor-column-gap-default\">\n\t\t\t\t\t<div class=\"elementor-column elementor-col-25 elementor-top-column elementor-element elementor-element-48481e5\" data-id=\"48481e5\" data-element_type=\"column\" data-e-type=\"column\">\n\t\t\t<div class=\"elementor-widget-wrap\">\n\t\t\t\t\t\t\t<\/div>\n\t\t<\/div>\n\t\t\t\t<div class=\"elementor-column elementor-col-50 elementor-top-column elementor-element elementor-element-bb1d50d\" data-id=\"bb1d50d\" data-element_type=\"column\" data-e-type=\"column\">\n\t\t\t<div class=\"elementor-widget-wrap elementor-element-populated\">\n\t\t\t\t\t\t<div class=\"elementor-element elementor-element-43269b6 elementor-widget elementor-widget-image\" data-id=\"43269b6\" data-element_type=\"widget\" data-e-type=\"widget\" data-widget_type=\"image.default\">\n\t\t\t\t<div class=\"elementor-widget-container\">\n\t\t\t\t\t\t\t\t\t\t\t\t<figure class=\"wp-caption\">\n\t\t\t\t\t\t\t\t\t\t\t<a href=\"https:\/\/www.artefacial.com\/wp-content\/uploads\/2025\/08\/Retraccion-_despues_.webp\" data-elementor-open-lightbox=\"yes\" data-elementor-lightbox-title=\"Three months after 4-point fixation\" data-e-action-hash=\"#elementor-action%3Aaction%3Dlightbox%26settings%3DeyJpZCI6MjYxMjIsInVybCI6Imh0dHBzOlwvXC93d3cuYXJ0ZWZhY2lhbC5jb21cL3dwLWNvbnRlbnRcL3VwbG9hZHNcLzIwMjVcLzA4XC9SZXRyYWNjaW9uLV9kZXNwdWVzXy53ZWJwIn0%3D\">\n\t\t\t\t\t\t\t<img decoding=\"async\" width=\"700\" height=\"700\" src=\"https:\/\/www.artefacial.com\/wp-content\/uploads\/2025\/08\/Retraccion-_despues_-700x700.webp\" class=\"attachment-tp-image-grid size-tp-image-grid wp-image-26122\" alt=\"Tres meses despu\u00e9s de la operaci\u00f3n.\" srcset=\"https:\/\/www.artefacial.com\/wp-content\/uploads\/2025\/08\/Retraccion-_despues_-700x700.webp 700w, https:\/\/www.artefacial.com\/wp-content\/uploads\/2025\/08\/Retraccion-_despues_-150x150.webp 150w\" sizes=\"(max-width: 700px) 100vw, 700px\" loading=\"lazy\" \/>\t\t\t\t\t\t\t\t<\/a>\n\t\t\t\t\t\t\t\t\t\t\t<figcaption class=\"widget-image-caption wp-caption-text\">Three months after 4-point fixation <\/figcaption>\n\t\t\t\t\t\t\t\t\t\t<\/figure>\n\t\t\t\t\t\t\t\t\t<\/div>\n\t\t\t\t<\/div>\n\t\t\t\t\t<\/div>\n\t\t<\/div>\n\t\t\t\t<div class=\"elementor-column elementor-col-25 elementor-top-column elementor-element elementor-element-224149b\" data-id=\"224149b\" data-element_type=\"column\" data-e-type=\"column\">\n\t\t\t<div class=\"elementor-widget-wrap\">\n\t\t\t\t\t\t\t<\/div>\n\t\t<\/div>\n\t\t\t\t\t<\/div>\n\t\t<\/section>\n\t\t\t\t<section class=\"elementor-section elementor-top-section elementor-element elementor-element-ad0ec2f elementor-section-boxed elementor-section-height-default elementor-section-height-default\" data-id=\"ad0ec2f\" data-element_type=\"section\" data-e-type=\"section\">\n\t\t\t\t\t\t<div class=\"elementor-container elementor-column-gap-default\">\n\t\t\t\t\t<div class=\"elementor-column elementor-col-100 elementor-top-column elementor-element elementor-element-bd3c5d8\" data-id=\"bd3c5d8\" data-element_type=\"column\" data-e-type=\"column\">\n\t\t\t<div class=\"elementor-widget-wrap elementor-element-populated\">\n\t\t\t\t\t\t<div class=\"elementor-element elementor-element-f6c0103 elementor-widget elementor-widget-text-editor\" data-id=\"f6c0103\" data-element_type=\"widget\" data-e-type=\"widget\" data-widget_type=\"text-editor.default\">\n\t\t\t\t<div class=\"elementor-widget-container\">\n\t\t\t\t\t\t\t\t\t<p>Striving for the best outcome requires a meticulous surgical approach that addresses all the causes of retraction, including scarring, poor eyelid support, eyelid skin deficiency, and tissue laxity. Ample experience in managing this complication is also essential, which is why I recommend that patients take an active role in their care by <a href=\"https:\/\/www.artefacial.com\/en\/our-staff\/\">selecting a surgeon<\/a> with the necessary training and expertise to face the challenge. This decision can significantly impact the success of the procedure.\u00a0<\/p>\t\t\t\t\t\t\t\t<\/div>\n\t\t\t\t<\/div>\n\t\t\t\t\t<\/div>\n\t\t<\/div>\n\t\t\t\t\t<\/div>\n\t\t<\/section>\n\t\t\t\t<\/div>\n\t\t","protected":false},"excerpt":{"rendered":"<p>Eyelid retraction after lower blepharoplasty \u2013 a surgery to treat bags and wrinkles under the eyes &#8211; is the most feared complication of this operation. <\/p>\n","protected":false},"author":1,"featured_media":26127,"comment_status":"closed","ping_status":"closed","sticky":false,"template":"","format":"standard","meta":{"footnotes":""},"categories":[22],"tags":[26,1011,1029,79,1008,1012],"class_list":["post-26128","post","type-post","status-publish","format-standard","has-post-thumbnail","hentry","category-surgery","tag-blepharoplasty","tag-eyelid-retraction-after-blepharoplasty","tag-eyelid-retraction-repair-florida","tag-lower-eyelid-bags","tag-surgery-for-eyelid-retraction","tag-treatment-for-eyelid-retraction"],"yoast_head":"<!-- This site is optimized with the Yoast SEO plugin v27.4 - https:\/\/yoast.com\/product\/yoast-seo-wordpress\/ -->\n<title>Lower eyelid retraction surgery in Costa Rica - best outcome<\/title>\n<meta name=\"description\" content=\"Eyelid retraction after lower blepharoplasty \u2013 a surgery to treat bags and wrinkles under the eyes - is the most feared complication...\" \/>\n<meta name=\"robots\" content=\"index, follow, max-snippet:-1, max-image-preview:large, max-video-preview:-1\" \/>\n<link rel=\"canonical\" href=\"https:\/\/www.artefacial.com\/en\/surgery\/striving-for-the-best-outcome-in-lower-eyelid-retraction-surgery\/\" \/>\n<meta property=\"og:locale\" content=\"en_US\" \/>\n<meta property=\"og:type\" content=\"article\" \/>\n<meta property=\"og:title\" content=\"Lower eyelid retraction surgery in Costa Rica - best outcome\" \/>\n<meta property=\"og:description\" content=\"Eyelid retraction after lower blepharoplasty \u2013 a surgery to treat bags and wrinkles under the eyes - is the most feared complication...\" \/>\n<meta property=\"og:url\" content=\"https:\/\/www.artefacial.com\/en\/surgery\/striving-for-the-best-outcome-in-lower-eyelid-retraction-surgery\/\" \/>\n<meta property=\"og:site_name\" content=\"Arte Facial\" \/>\n<meta property=\"article:publisher\" content=\"https:\/\/www.facebook.com\/ArteFacialCR\/\" \/>\n<meta property=\"article:published_time\" content=\"2025-08-06T20:20:44+00:00\" \/>\n<meta property=\"article:modified_time\" content=\"2025-12-05T21:34:55+00:00\" \/>\n<meta property=\"og:image\" content=\"https:\/\/www.artefacial.com\/wp-content\/uploads\/2025\/08\/retraccion-del-parpado-inferior.webp\" \/>\n\t<meta property=\"og:image:width\" content=\"1024\" \/>\n\t<meta property=\"og:image:height\" content=\"683\" \/>\n\t<meta property=\"og:image:type\" content=\"image\/webp\" \/>\n<meta name=\"author\" content=\"artefaci\" \/>\n<meta name=\"twitter:card\" content=\"summary_large_image\" \/>\n<meta name=\"twitter:label1\" content=\"Written by\" \/>\n\t<meta name=\"twitter:data1\" content=\"artefaci\" \/>\n\t<meta name=\"twitter:label2\" content=\"Est. reading time\" \/>\n\t<meta name=\"twitter:data2\" content=\"2 minutes\" \/>\n<script type=\"application\/ld+json\" class=\"yoast-schema-graph\">{\"@context\":\"https:\\\/\\\/schema.org\",\"@graph\":[{\"@type\":\"Article\",\"@id\":\"https:\\\/\\\/www.artefacial.com\\\/en\\\/surgery\\\/striving-for-the-best-outcome-in-lower-eyelid-retraction-surgery\\\/#article\",\"isPartOf\":{\"@id\":\"https:\\\/\\\/www.artefacial.com\\\/en\\\/surgery\\\/striving-for-the-best-outcome-in-lower-eyelid-retraction-surgery\\\/\"},\"author\":{\"name\":\"artefaci\",\"@id\":\"https:\\\/\\\/www.artefacial.com\\\/en\\\/#\\\/schema\\\/person\\\/929931a355e14873405d62ed98164bca\"},\"headline\":\"Striving for the best outcome in lower eyelid retraction surgery\",\"datePublished\":\"2025-08-06T20:20:44+00:00\",\"dateModified\":\"2025-12-05T21:34:55+00:00\",\"mainEntityOfPage\":{\"@id\":\"https:\\\/\\\/www.artefacial.com\\\/en\\\/surgery\\\/striving-for-the-best-outcome-in-lower-eyelid-retraction-surgery\\\/\"},\"wordCount\":303,\"publisher\":{\"@id\":\"https:\\\/\\\/www.artefacial.com\\\/en\\\/#organization\"},\"image\":{\"@id\":\"https:\\\/\\\/www.artefacial.com\\\/en\\\/surgery\\\/striving-for-the-best-outcome-in-lower-eyelid-retraction-surgery\\\/#primaryimage\"},\"thumbnailUrl\":\"https:\\\/\\\/www.artefacial.com\\\/wp-content\\\/uploads\\\/2025\\\/08\\\/retraccion-del-parpado-inferior.webp\",\"keywords\":[\"Blepharoplasty\",\"Eyelid retraction after blepharoplasty\",\"Eyelid retraction repair Florida\",\"lower eyelid bags\",\"Surgery for eyelid retraction\",\"Treatment for eyelid retraction\"],\"articleSection\":[\"Surgery\"],\"inLanguage\":\"en-US\"},{\"@type\":\"WebPage\",\"@id\":\"https:\\\/\\\/www.artefacial.com\\\/en\\\/surgery\\\/striving-for-the-best-outcome-in-lower-eyelid-retraction-surgery\\\/\",\"url\":\"https:\\\/\\\/www.artefacial.com\\\/en\\\/surgery\\\/striving-for-the-best-outcome-in-lower-eyelid-retraction-surgery\\\/\",\"name\":\"Lower eyelid retraction surgery in Costa Rica - best outcome\",\"isPartOf\":{\"@id\":\"https:\\\/\\\/www.artefacial.com\\\/en\\\/#website\"},\"primaryImageOfPage\":{\"@id\":\"https:\\\/\\\/www.artefacial.com\\\/en\\\/surgery\\\/striving-for-the-best-outcome-in-lower-eyelid-retraction-surgery\\\/#primaryimage\"},\"image\":{\"@id\":\"https:\\\/\\\/www.artefacial.com\\\/en\\\/surgery\\\/striving-for-the-best-outcome-in-lower-eyelid-retraction-surgery\\\/#primaryimage\"},\"thumbnailUrl\":\"https:\\\/\\\/www.artefacial.com\\\/wp-content\\\/uploads\\\/2025\\\/08\\\/retraccion-del-parpado-inferior.webp\",\"datePublished\":\"2025-08-06T20:20:44+00:00\",\"dateModified\":\"2025-12-05T21:34:55+00:00\",\"description\":\"Eyelid retraction after lower blepharoplasty \u2013 a surgery to treat bags and wrinkles under the eyes - is the most feared complication...\",\"breadcrumb\":{\"@id\":\"https:\\\/\\\/www.artefacial.com\\\/en\\\/surgery\\\/striving-for-the-best-outcome-in-lower-eyelid-retraction-surgery\\\/#breadcrumb\"},\"inLanguage\":\"en-US\",\"potentialAction\":[{\"@type\":\"ReadAction\",\"target\":[\"https:\\\/\\\/www.artefacial.com\\\/en\\\/surgery\\\/striving-for-the-best-outcome-in-lower-eyelid-retraction-surgery\\\/\"]}]},{\"@type\":\"ImageObject\",\"inLanguage\":\"en-US\",\"@id\":\"https:\\\/\\\/www.artefacial.com\\\/en\\\/surgery\\\/striving-for-the-best-outcome-in-lower-eyelid-retraction-surgery\\\/#primaryimage\",\"url\":\"https:\\\/\\\/www.artefacial.com\\\/wp-content\\\/uploads\\\/2025\\\/08\\\/retraccion-del-parpado-inferior.webp\",\"contentUrl\":\"https:\\\/\\\/www.artefacial.com\\\/wp-content\\\/uploads\\\/2025\\\/08\\\/retraccion-del-parpado-inferior.webp\",\"width\":1024,\"height\":683,\"caption\":\"Striving for the best outcome in lower eyelid retraction surgery\"},{\"@type\":\"BreadcrumbList\",\"@id\":\"https:\\\/\\\/www.artefacial.com\\\/en\\\/surgery\\\/striving-for-the-best-outcome-in-lower-eyelid-retraction-surgery\\\/#breadcrumb\",\"itemListElement\":[{\"@type\":\"ListItem\",\"position\":1,\"name\":\"Inicio\",\"item\":\"https:\\\/\\\/www.artefacial.com\\\/en\\\/\"},{\"@type\":\"ListItem\",\"position\":2,\"name\":\"Striving for the best outcome in lower eyelid retraction surgery\"}]},{\"@type\":\"WebSite\",\"@id\":\"https:\\\/\\\/www.artefacial.com\\\/en\\\/#website\",\"url\":\"https:\\\/\\\/www.artefacial.com\\\/en\\\/\",\"name\":\"Arte Facial\",\"description\":\"Ciencia, Arte y Cuidado del Rostro\",\"publisher\":{\"@id\":\"https:\\\/\\\/www.artefacial.com\\\/en\\\/#organization\"},\"potentialAction\":[{\"@type\":\"SearchAction\",\"target\":{\"@type\":\"EntryPoint\",\"urlTemplate\":\"https:\\\/\\\/www.artefacial.com\\\/en\\\/?s={search_term_string}\"},\"query-input\":{\"@type\":\"PropertyValueSpecification\",\"valueRequired\":true,\"valueName\":\"search_term_string\"}}],\"inLanguage\":\"en-US\"},{\"@type\":\"Organization\",\"@id\":\"https:\\\/\\\/www.artefacial.com\\\/en\\\/#organization\",\"name\":\"Arte Facial\",\"url\":\"https:\\\/\\\/www.artefacial.com\\\/en\\\/\",\"logo\":{\"@type\":\"ImageObject\",\"inLanguage\":\"en-US\",\"@id\":\"https:\\\/\\\/www.artefacial.com\\\/en\\\/#\\\/schema\\\/logo\\\/image\\\/\",\"url\":\"https:\\\/\\\/www.artefacial.com\\\/wp-content\\\/uploads\\\/2021\\\/11\\\/arte-facial-logo.png\",\"contentUrl\":\"https:\\\/\\\/www.artefacial.com\\\/wp-content\\\/uploads\\\/2021\\\/11\\\/arte-facial-logo.png\",\"width\":265,\"height\":100,\"caption\":\"Arte Facial\"},\"image\":{\"@id\":\"https:\\\/\\\/www.artefacial.com\\\/en\\\/#\\\/schema\\\/logo\\\/image\\\/\"},\"sameAs\":[\"https:\\\/\\\/www.facebook.com\\\/ArteFacialCR\\\/\",\"https:\\\/\\\/www.instagram.com\\\/artefacialcr\\\/\",\"https:\\\/\\\/www.youtube.com\\\/c\\\/ArteFacial\"]},{\"@type\":\"Person\",\"@id\":\"https:\\\/\\\/www.artefacial.com\\\/en\\\/#\\\/schema\\\/person\\\/929931a355e14873405d62ed98164bca\",\"name\":\"artefaci\",\"image\":{\"@type\":\"ImageObject\",\"inLanguage\":\"en-US\",\"@id\":\"https:\\\/\\\/secure.gravatar.com\\\/avatar\\\/50bab17fc8876405ffe1a8eaf12008d9f40a21594d60a5bb3e30651b00430917?s=96&d=mm&r=g\",\"url\":\"https:\\\/\\\/secure.gravatar.com\\\/avatar\\\/50bab17fc8876405ffe1a8eaf12008d9f40a21594d60a5bb3e30651b00430917?s=96&d=mm&r=g\",\"contentUrl\":\"https:\\\/\\\/secure.gravatar.com\\\/avatar\\\/50bab17fc8876405ffe1a8eaf12008d9f40a21594d60a5bb3e30651b00430917?s=96&d=mm&r=g\",\"caption\":\"artefaci\"},\"sameAs\":[\"https:\\\/\\\/artefacial.com\\\/demo\"],\"url\":\"https:\\\/\\\/www.artefacial.com\\\/en\\\/author\\\/artefaci\\\/\"}]}<\/script>\n<!-- \/ Yoast SEO plugin. -->","yoast_head_json":{"title":"Lower eyelid retraction surgery in Costa Rica - best outcome","description":"Eyelid retraction after lower blepharoplasty \u2013 a surgery to treat bags and wrinkles under the eyes - is the most feared complication...","robots":{"index":"index","follow":"follow","max-snippet":"max-snippet:-1","max-image-preview":"max-image-preview:large","max-video-preview":"max-video-preview:-1"},"canonical":"https:\/\/www.artefacial.com\/en\/surgery\/striving-for-the-best-outcome-in-lower-eyelid-retraction-surgery\/","og_locale":"en_US","og_type":"article","og_title":"Lower eyelid retraction surgery in Costa Rica - best outcome","og_description":"Eyelid retraction after lower blepharoplasty \u2013 a surgery to treat bags and wrinkles under the eyes - is the most feared complication...","og_url":"https:\/\/www.artefacial.com\/en\/surgery\/striving-for-the-best-outcome-in-lower-eyelid-retraction-surgery\/","og_site_name":"Arte Facial","article_publisher":"https:\/\/www.facebook.com\/ArteFacialCR\/","article_published_time":"2025-08-06T20:20:44+00:00","article_modified_time":"2025-12-05T21:34:55+00:00","og_image":[{"width":1024,"height":683,"url":"https:\/\/www.artefacial.com\/wp-content\/uploads\/2025\/08\/retraccion-del-parpado-inferior.webp","type":"image\/webp"}],"author":"artefaci","twitter_card":"summary_large_image","twitter_misc":{"Written by":"artefaci","Est. reading time":"2 minutes"},"schema":{"@context":"https:\/\/schema.org","@graph":[{"@type":"Article","@id":"https:\/\/www.artefacial.com\/en\/surgery\/striving-for-the-best-outcome-in-lower-eyelid-retraction-surgery\/#article","isPartOf":{"@id":"https:\/\/www.artefacial.com\/en\/surgery\/striving-for-the-best-outcome-in-lower-eyelid-retraction-surgery\/"},"author":{"name":"artefaci","@id":"https:\/\/www.artefacial.com\/en\/#\/schema\/person\/929931a355e14873405d62ed98164bca"},"headline":"Striving for the best outcome in lower eyelid retraction surgery","datePublished":"2025-08-06T20:20:44+00:00","dateModified":"2025-12-05T21:34:55+00:00","mainEntityOfPage":{"@id":"https:\/\/www.artefacial.com\/en\/surgery\/striving-for-the-best-outcome-in-lower-eyelid-retraction-surgery\/"},"wordCount":303,"publisher":{"@id":"https:\/\/www.artefacial.com\/en\/#organization"},"image":{"@id":"https:\/\/www.artefacial.com\/en\/surgery\/striving-for-the-best-outcome-in-lower-eyelid-retraction-surgery\/#primaryimage"},"thumbnailUrl":"https:\/\/www.artefacial.com\/wp-content\/uploads\/2025\/08\/retraccion-del-parpado-inferior.webp","keywords":["Blepharoplasty","Eyelid retraction after blepharoplasty","Eyelid retraction repair Florida","lower eyelid bags","Surgery for eyelid retraction","Treatment for eyelid retraction"],"articleSection":["Surgery"],"inLanguage":"en-US"},{"@type":"WebPage","@id":"https:\/\/www.artefacial.com\/en\/surgery\/striving-for-the-best-outcome-in-lower-eyelid-retraction-surgery\/","url":"https:\/\/www.artefacial.com\/en\/surgery\/striving-for-the-best-outcome-in-lower-eyelid-retraction-surgery\/","name":"Lower eyelid retraction surgery in Costa Rica - best outcome","isPartOf":{"@id":"https:\/\/www.artefacial.com\/en\/#website"},"primaryImageOfPage":{"@id":"https:\/\/www.artefacial.com\/en\/surgery\/striving-for-the-best-outcome-in-lower-eyelid-retraction-surgery\/#primaryimage"},"image":{"@id":"https:\/\/www.artefacial.com\/en\/surgery\/striving-for-the-best-outcome-in-lower-eyelid-retraction-surgery\/#primaryimage"},"thumbnailUrl":"https:\/\/www.artefacial.com\/wp-content\/uploads\/2025\/08\/retraccion-del-parpado-inferior.webp","datePublished":"2025-08-06T20:20:44+00:00","dateModified":"2025-12-05T21:34:55+00:00","description":"Eyelid retraction after lower blepharoplasty \u2013 a surgery to treat bags and wrinkles under the eyes - is the most feared complication...","breadcrumb":{"@id":"https:\/\/www.artefacial.com\/en\/surgery\/striving-for-the-best-outcome-in-lower-eyelid-retraction-surgery\/#breadcrumb"},"inLanguage":"en-US","potentialAction":[{"@type":"ReadAction","target":["https:\/\/www.artefacial.com\/en\/surgery\/striving-for-the-best-outcome-in-lower-eyelid-retraction-surgery\/"]}]},{"@type":"ImageObject","inLanguage":"en-US","@id":"https:\/\/www.artefacial.com\/en\/surgery\/striving-for-the-best-outcome-in-lower-eyelid-retraction-surgery\/#primaryimage","url":"https:\/\/www.artefacial.com\/wp-content\/uploads\/2025\/08\/retraccion-del-parpado-inferior.webp","contentUrl":"https:\/\/www.artefacial.com\/wp-content\/uploads\/2025\/08\/retraccion-del-parpado-inferior.webp","width":1024,"height":683,"caption":"Striving for the best outcome in lower eyelid retraction surgery"},{"@type":"BreadcrumbList","@id":"https:\/\/www.artefacial.com\/en\/surgery\/striving-for-the-best-outcome-in-lower-eyelid-retraction-surgery\/#breadcrumb","itemListElement":[{"@type":"ListItem","position":1,"name":"Inicio","item":"https:\/\/www.artefacial.com\/en\/"},{"@type":"ListItem","position":2,"name":"Striving for the best outcome in lower eyelid retraction surgery"}]},{"@type":"WebSite","@id":"https:\/\/www.artefacial.com\/en\/#website","url":"https:\/\/www.artefacial.com\/en\/","name":"Arte Facial","description":"Ciencia, Arte y Cuidado del Rostro","publisher":{"@id":"https:\/\/www.artefacial.com\/en\/#organization"},"potentialAction":[{"@type":"SearchAction","target":{"@type":"EntryPoint","urlTemplate":"https:\/\/www.artefacial.com\/en\/?s={search_term_string}"},"query-input":{"@type":"PropertyValueSpecification","valueRequired":true,"valueName":"search_term_string"}}],"inLanguage":"en-US"},{"@type":"Organization","@id":"https:\/\/www.artefacial.com\/en\/#organization","name":"Arte Facial","url":"https:\/\/www.artefacial.com\/en\/","logo":{"@type":"ImageObject","inLanguage":"en-US","@id":"https:\/\/www.artefacial.com\/en\/#\/schema\/logo\/image\/","url":"https:\/\/www.artefacial.com\/wp-content\/uploads\/2021\/11\/arte-facial-logo.png","contentUrl":"https:\/\/www.artefacial.com\/wp-content\/uploads\/2021\/11\/arte-facial-logo.png","width":265,"height":100,"caption":"Arte Facial"},"image":{"@id":"https:\/\/www.artefacial.com\/en\/#\/schema\/logo\/image\/"},"sameAs":["https:\/\/www.facebook.com\/ArteFacialCR\/","https:\/\/www.instagram.com\/artefacialcr\/","https:\/\/www.youtube.com\/c\/ArteFacial"]},{"@type":"Person","@id":"https:\/\/www.artefacial.com\/en\/#\/schema\/person\/929931a355e14873405d62ed98164bca","name":"artefaci","image":{"@type":"ImageObject","inLanguage":"en-US","@id":"https:\/\/secure.gravatar.com\/avatar\/50bab17fc8876405ffe1a8eaf12008d9f40a21594d60a5bb3e30651b00430917?s=96&d=mm&r=g","url":"https:\/\/secure.gravatar.com\/avatar\/50bab17fc8876405ffe1a8eaf12008d9f40a21594d60a5bb3e30651b00430917?s=96&d=mm&r=g","contentUrl":"https:\/\/secure.gravatar.com\/avatar\/50bab17fc8876405ffe1a8eaf12008d9f40a21594d60a5bb3e30651b00430917?s=96&d=mm&r=g","caption":"artefaci"},"sameAs":["https:\/\/artefacial.com\/demo"],"url":"https:\/\/www.artefacial.com\/en\/author\/artefaci\/"}]}},"_links":{"self":[{"href":"https:\/\/www.artefacial.com\/en\/wp-json\/wp\/v2\/posts\/26128","targetHints":{"allow":["GET"]}}],"collection":[{"href":"https:\/\/www.artefacial.com\/en\/wp-json\/wp\/v2\/posts"}],"about":[{"href":"https:\/\/www.artefacial.com\/en\/wp-json\/wp\/v2\/types\/post"}],"author":[{"embeddable":true,"href":"https:\/\/www.artefacial.com\/en\/wp-json\/wp\/v2\/users\/1"}],"replies":[{"embeddable":true,"href":"https:\/\/www.artefacial.com\/en\/wp-json\/wp\/v2\/comments?post=26128"}],"version-history":[{"count":0,"href":"https:\/\/www.artefacial.com\/en\/wp-json\/wp\/v2\/posts\/26128\/revisions"}],"wp:featuredmedia":[{"embeddable":true,"href":"https:\/\/www.artefacial.com\/en\/wp-json\/wp\/v2\/media\/26127"}],"wp:attachment":[{"href":"https:\/\/www.artefacial.com\/en\/wp-json\/wp\/v2\/media?parent=26128"}],"wp:term":[{"taxonomy":"category","embeddable":true,"href":"https:\/\/www.artefacial.com\/en\/wp-json\/wp\/v2\/categories?post=26128"},{"taxonomy":"post_tag","embeddable":true,"href":"https:\/\/www.artefacial.com\/en\/wp-json\/wp\/v2\/tags?post=26128"}],"curies":[{"name":"wp","href":"https:\/\/api.w.org\/{rel}","templated":true}]}}